{"id":8152,"date":"2025-04-15T09:25:49","date_gmt":"2025-04-15T07:25:49","guid":{"rendered":"https:\/\/about.sixt.com\/?post_type=newsrooms&#038;p=8152"},"modified":"2025-04-15T09:31:38","modified_gmt":"2025-04-15T07:31:38","slug":"sixt-espana-se-expande-en-valencia-con-una-nueva-oficina-cerca-de-la-ciudad-de-las-artes","status":"publish","type":"newsrooms","link":"https:\/\/about.sixt.com\/en\/corporate-markets\/spain\/sixt-espana-se-expande-en-valencia-con-una-nueva-oficina-cerca-de-la-ciudad-de-las-artes\/","title":{"rendered":"SIXT Espa\u00f1a se expande en Valencia con una nueva oficina cerca de la Ciudad de las Artes"},"content":{"rendered":"<p><b><span data-contrast=\"auto\">Palma de Mallorca, 15 de abril de 2025 \u2013<\/span><\/b><span data-contrast=\"auto\"> SIXT Espa\u00f1a, la filial del proveedor internacional de movilidad premium SIXT, sigue expandi\u00e9ndose en Espa\u00f1a <strong>con la apertura de una nueva sucursal en Valencia<\/strong>. Ubicada en la <strong>calle Pintor Maella, n\u00famero 32<\/strong>, junto a la Ciudad de las Artes y las Ciencias y el Hotel <\/span><span data-contrast=\"auto\">INNSiDE by Meli\u00e1 Valencia Oceanic<\/span><span data-contrast=\"auto\">, esta incorporaci\u00f3n fortalece la presencia de la compa\u00f1\u00eda en la capital del Turia. Adem\u00e1s, se suma a las tres oficinas existentes en el Aeropuerto de Valencia Manises, en la estaci\u00f3n Joaqu\u00edn Sorolla y en Paterna, esta \u00faltima especializada en el alquiler de furgonetas y camiones.<\/span><span data-ccp-props=\"{&quot;201341983&quot;:0,&quot;335551550&quot;:6,&quot;335551620&quot;:6,&quot;335559737&quot;:851,&quot;335559740&quot;:288}\">\u00a0<\/span><\/p>\n<p><span data-contrast=\"auto\">La operativa en esta ubicaci\u00f3n comenz\u00f3 el pasado 1 de febrero con un punto de atenci\u00f3n dentro del Hotel <\/span><span data-contrast=\"auto\">INNSiDE by Meli\u00e1 Valencia Oceanic<\/span><span data-contrast=\"auto\">, y desde el 7 de abril, los clientes pueden disfrutar de un servicio m\u00e1s c\u00f3modo y \u00e1gil en una oficina f\u00edsica completamente equipada. Este nuevo espacio ha sido dise\u00f1ado para garantizar una experiencia de alquiler eficiente, con atenci\u00f3n personalizada y el sello de calidad que caracteriza a SIXT.<\/span><span data-ccp-props=\"{&quot;201341983&quot;:0,&quot;335551550&quot;:6,&quot;335551620&quot;:6,&quot;335559737&quot;:851,&quot;335559740&quot;:288}\">\u00a0<\/span><\/p>\n<p><span data-contrast=\"auto\">Los usuarios podr\u00e1n elegir entre una extensa <strong>flota de veh\u00edculos premium<\/strong> pensados para cada tipo de viaje. Desde modelos urbanos como el Peugeot 208, pasando por los MINI Cooper y MINI Countryman, hasta SUVs como el BMW X3, SIXT pone a disposici\u00f3n de turistas, viajeros de negocios y residentes opciones de movilidad flexibles, con la m\u00e1xima comodidad y tecnolog\u00eda.<\/span><span data-ccp-props=\"{&quot;201341983&quot;:0,&quot;335551550&quot;:6,&quot;335551620&quot;:6,&quot;335559737&quot;:851,&quot;335559740&quot;:288}\">\u00a0<\/span><\/p>\n<blockquote><p><b><span data-contrast=\"auto\">Corinna Moessner, covicepresidenta de SIXT Espa\u00f1a, destaca<\/span><\/b><span data-contrast=\"auto\">: &#8220;Valencia es una ciudad clave para SIXT, tanto por su atractivo tur\u00edstico como por su dinamismo econ\u00f3mico. Con esta apertura, queremos ampliar nuestra presencia en la capital del Levante ofreciendo a nuestros clientes una experiencia de movilidad premium, con una flota moderna y un servicio excepcional. Nuestro objetivo es seguir creciendo en Espa\u00f1a y consolidarnos como la opci\u00f3n preferida para quienes buscan calidad, flexibilidad y una oferta de veh\u00edculos de alta gama.&#8221;<\/span><span data-ccp-props=\"{&quot;201341983&quot;:0,&quot;335551550&quot;:6,&quot;335551620&quot;:6,&quot;335559737&quot;:851,&quot;335559740&quot;:288}\">\u00a0<\/span><\/p><\/blockquote>\n<p><span data-contrast=\"auto\">Con esta ampliaci\u00f3n, SIXT refuerza su compromiso con la <strong>Comunidad Valenciana<\/strong>, ofreciendo soluciones de movilidad de primer nivel en una de las zonas m\u00e1s estrat\u00e9gicas de la ciudad.<\/span><span data-ccp-props=\"{&quot;201341983&quot;:0,&quot;335551550&quot;:6,&quot;335551620&quot;:6,&quot;335559737&quot;:851,&quot;335559740&quot;:288}\">\u00a0<\/span><\/p>\n<p><span data-contrast=\"auto\">Para m\u00e1s informaci\u00f3n sobre <strong>la nueva oficina SIXT Valencia Ciudad de las Artes<\/strong> y realizar reservas, los clientes pueden visitar <\/span><a href=\"https:\/\/www.sixt.es\/alquiler-coches\/espana\/valencia\/valencia-ciudad-de-las-artes\/\"><span data-contrast=\"none\">www.sixt.es<\/span><\/a><span data-contrast=\"auto\"> o acudir directamente a la sucursal en Calle Pintor Maella, 32 de lunes a domingo y festivos de 8 a 21h.<\/span><\/p>\n","protected":false},"author":21,"parent":0,"template":"","meta":{"_acf_changed":false},"class_list":["post-8152","newsrooms","type-newsrooms","status-publish","hentry","category-sixt-rent","newsroom-country-spain"],"acf":[],"_links":{"self":[{"href":"https:\/\/about.sixt.com\/en\/wp-json\/wp\/v2\/newsrooms\/8152","targetHints":{"allow":["GET"]}}],"collection":[{"href":"https:\/\/about.sixt.com\/en\/wp-json\/wp\/v2\/newsrooms"}],"about":[{"href":"https:\/\/about.sixt.com\/en\/wp-json\/wp\/v2\/types\/newsrooms"}],"author":[{"embeddable":true,"href":"https:\/\/about.sixt.com\/en\/wp-json\/wp\/v2\/users\/21"}],"wp:attachment":[{"href":"https:\/\/about.sixt.com\/en\/wp-json\/wp\/v2\/media?parent=8152"}],"curies":[{"name":"wp","href":"https:\/\/api.w.org\/{rel}","templated":true}]}}