{"id":7750,"date":"2024-10-29T15:50:48","date_gmt":"2024-10-29T14:50:48","guid":{"rendered":"https:\/\/about.sixt.com\/?post_type=newsrooms&#038;p=7750"},"modified":"2024-10-29T15:50:48","modified_gmt":"2024-10-29T14:50:48","slug":"sixt-espana-amplia-su-red-de-sucursales-con-nuevas-aperturas-en-los-aeropuertos-de-san-sebastian-y-almeria","status":"publish","type":"newsrooms","link":"https:\/\/about.sixt.com\/en\/corporate-markets\/spain\/sixt-espana-amplia-su-red-de-sucursales-con-nuevas-aperturas-en-los-aeropuertos-de-san-sebastian-y-almeria\/","title":{"rendered":"SIXT Espa\u00f1a ampl\u00eda su red de sucursales con nuevas aperturas en los aeropuertos de San Sebasti\u00e1n y Almer\u00eda"},"content":{"rendered":"<p><strong>Palma de Mallorca, 29 de octubre de 2024<\/strong>. A partir del 1 de noviembre, SIXT Espa\u00f1a, filial del proveedor internacional de movilidad premium SIXT, <strong>abrir\u00e1 nuevas oficinas<\/strong> en los aeropuertos de <a href=\"https:\/\/www.sixt.es\/alquiler-coches\/espana\/san-sebastian\/san-sebastian-ap\/\" target=\"_blank\" rel=\"noopener\">San Sebasti\u00e1n<\/a> y <a href=\"https:\/\/www.sixt.es\/alquiler-coches\/espana\/almeria\/almeria-aeropuerto\/\" target=\"_blank\" rel=\"noopener\">Almer\u00eda<\/a>, consolidando as\u00ed su presencia en dos importantes mercados espa\u00f1oles.<\/p>\n<p>La nueva sucursal en el <strong>Aeropuerto de San Sebasti\u00e1n<\/strong> ofrecer\u00e1 a los pasajeros acceso inmediato a la flota premium de SIXT, complementando la ya existente en el emblem\u00e1tico edificio Kursaal. Esta expansi\u00f3n fortalece la cobertura de la compa\u00f1\u00eda en el norte de Espa\u00f1a, brindando una experiencia de movilidad completa tanto para residentes como para viajeros de negocios y ocio que desean explorar destinos como el Pa\u00eds Vasco o el Pa\u00eds Vasco franc\u00e9s.<\/p>\n<p>De forma paralela, SIXT Espa\u00f1a comenzar\u00e1 a operar en el <strong>Aeropuerto de Almer\u00eda<\/strong>, siendo esta su primera sucursal en la ciudad andaluza. Los viajeros podr\u00e1n recoger y devolver sus veh\u00edculos directamente en la terminal de llegadas, accediendo a una opci\u00f3n premium para descubrir lugares ic\u00f3nicos como el Parque Natural de Cabo de Gata y las playas de la costa almeriense. Con esta nueva ubicaci\u00f3n, SIXT eleva su red en Andaluc\u00eda a un total de 15 sucursales en la regi\u00f3n.<\/p>\n<blockquote><p>Corinna Moessner, covicepresidenta de SIXT Espa\u00f1a, subraya la relevancia de estas aperturas: &#8220;Estas nuevas ubicaciones en San Sebasti\u00e1n y Almer\u00eda representan pasos clave en nuestra expansi\u00f3n. Queremos asegurar que nuestros clientes puedan disfrutar de una experiencia de movilidad premium desde el momento en que llegan a los aeropuertos&#8221;.<\/p><\/blockquote>\n<p>Con horarios de apertura ampliados en ambas ubicaciones, <strong>SIXT ofrece un servicio de alta calidad disponible todos los d\u00edas del a\u00f1<\/strong>o. Los clientes podr\u00e1n elegir entre una variada gama de veh\u00edculos premium, incluyendo, entre otros, amplios SUVs para unas vacaciones en familia, berlinas de alta gama para viajes de negocios o pr\u00e1cticos utilitarios para moverse por la ciudad.<\/p>\n<p>Estas inauguraciones, junto con la reubicaci\u00f3n de sucursales en el interior de las terminales de <strong>los aeropuertos de Menorca, Lanzarote y Tenerife Norte<\/strong>, forman parte del \u00e9xito de SIXT en el reciente <strong>proceso de licitaci\u00f3n de AENA de 2024<\/strong>. Este logro permite a SIXT aumentar su presencia en m\u00e1s aeropuertos, <strong>mejorando sus ubicaciones<\/strong> y ampliando la capacidad de estacionamiento de su flota.<\/p>\n","protected":false},"author":21,"parent":0,"template":"","meta":{"_acf_changed":false},"class_list":["post-7750","newsrooms","type-newsrooms","status-publish","hentry","category-sixt-rent","newsroom-country-spain"],"acf":[],"_links":{"self":[{"href":"https:\/\/about.sixt.com\/en\/wp-json\/wp\/v2\/newsrooms\/7750","targetHints":{"allow":["GET"]}}],"collection":[{"href":"https:\/\/about.sixt.com\/en\/wp-json\/wp\/v2\/newsrooms"}],"about":[{"href":"https:\/\/about.sixt.com\/en\/wp-json\/wp\/v2\/types\/newsrooms"}],"author":[{"embeddable":true,"href":"https:\/\/about.sixt.com\/en\/wp-json\/wp\/v2\/users\/21"}],"wp:attachment":[{"href":"https:\/\/about.sixt.com\/en\/wp-json\/wp\/v2\/media?parent=7750"}],"curies":[{"name":"wp","href":"https:\/\/api.w.org\/{rel}","templated":true}]}}